{"id":5359,"date":"2025-12-11T05:28:00","date_gmt":"2025-12-10T21:28:00","guid":{"rendered":"https:\/\/ajia.site\/blog\/?p=5359"},"modified":"2025-12-10T21:32:50","modified_gmt":"2025-12-10T13:32:50","slug":"kidsbook_history_1211","status":"publish","type":"post","link":"https:\/\/ajia.site\/blog\/en\/2025\/12\/11\/kidsbook_history_1211\/","title":{"rendered":"Decem\u00adber 11: Today in the His\u00adto\u00adry of Chil\u00addren\u2019s Books"},"content":{"rendered":"<figure class=\"wp-block-image size-large\"><img loading=\"lazy\" decoding=\"async\" width=\"1024\" height=\"869\" src=\"https:\/\/ajia.site\/blog\/wp-content\/uploads\/2025\/12\/\u662f\u8c01\u55ef\u55ef\u5728\u6211\u7684\u5934\u4e0a-1024x869.jpg\" alt class=\"wp-image-5360\" srcset=\"https:\/\/ajia.site\/blog\/wp-content\/uploads\/2025\/12\/\u662f\u8c01\u55ef\u55ef\u5728\u6211\u7684\u5934\u4e0a-1024x869.jpg 1024w, https:\/\/ajia.site\/blog\/wp-content\/uploads\/2025\/12\/\u662f\u8c01\u55ef\u55ef\u5728\u6211\u7684\u5934\u4e0a-300x255.jpg 300w, https:\/\/ajia.site\/blog\/wp-content\/uploads\/2025\/12\/\u662f\u8c01\u55ef\u55ef\u5728\u6211\u7684\u5934\u4e0a-768x652.jpg 768w, https:\/\/ajia.site\/blog\/wp-content\/uploads\/2025\/12\/\u662f\u8c01\u55ef\u55ef\u5728\u6211\u7684\u5934\u4e0a-14x12.jpg 14w, https:\/\/ajia.site\/blog\/wp-content\/uploads\/2025\/12\/\u662f\u8c01\u55ef\u55ef\u5728\u6211\u7684\u5934\u4e0a.jpg 1257w\" sizes=\"auto, (max-width: 1024px) 100vw, 1024px\"><\/figure>\n\n\n\n<figure class=\"wp-block-image size-full\"><img loading=\"lazy\" decoding=\"async\" width=\"600\" height=\"785\" src=\"https:\/\/ajia.site\/blog\/wp-content\/uploads\/2025\/12\/\u5f53\u9e2d\u5b50\u9047\u89c1\u6b7b\u795e.jpg\" alt class=\"wp-image-5361\" srcset=\"https:\/\/ajia.site\/blog\/wp-content\/uploads\/2025\/12\/\u5f53\u9e2d\u5b50\u9047\u89c1\u6b7b\u795e.jpg 600w, https:\/\/ajia.site\/blog\/wp-content\/uploads\/2025\/12\/\u5f53\u9e2d\u5b50\u9047\u89c1\u6b7b\u795e-229x300.jpg 229w, https:\/\/ajia.site\/blog\/wp-content\/uploads\/2025\/12\/\u5f53\u9e2d\u5b50\u9047\u89c1\u6b7b\u795e-9x12.jpg 9w\" sizes=\"auto, (max-width: 600px) 100vw, 600px\"><\/figure>\n\n\n\n<h3 class=\"wp-block-heading\" id=\"\ufe0f-2022\u5e7412\u670811\u65e5--\u901d\u4e16-\u6c83\u5c14\u592b\u57c3\u5e03\u9c81\u8d6b\">\u26b0\ufe0f&nbsp;<strong>December 11, 2022 \u2014 Passed away:<\/strong>&nbsp;Wolf Erbruch<\/h3>\n\n\n\n<p>Ger\u00adman illus\u00adtra\u00adtor and writer<strong>Wolf Erbruch<\/strong>Wolf Erl\u00adbruch (1948\u20132022) has passed away. He is wide\u00adly rec\u00adog\u00adnized as\u2026<strong>The most orig\u00adi\u00adnal and philo\u00adsoph\u00adi\u00adcal\u00adly pro\u00adfound of our time<\/strong>One of the pic\u00adture book artists whose style often com\u00adbines col\u00adlage, paint\u00ading, and unique lines.<\/p>\n\n\n\n<!--more-->\n\n\n\n<ul class=\"wp-block-list\">\n<li><strong>High\u00adest Hon\u00ador:<\/strong>&nbsp;He is a rare tal\u00adent in the world of chil\u00addren\u2019s lit\u00ader\u00ada\u00adture.<strong>Dou\u00adble award win\u00adner<\/strong>:\n<ul class=\"wp-block-list\">\n<li><strong>2006<\/strong>&nbsp;Award\u00aded<strong>Hans Chris\u00adt\u00adian Ander\u00adsen Award (HCAA) for Illus\u00adtra\u00adtion<\/strong>Gold Award.<\/li>\n\n\n\n<li><strong>2017<\/strong>&nbsp;Award\u00aded<strong>Lind\u00adgren Memo\u00adr\u00adi\u00adal Award (ALMA)<\/strong>.<\/li>\n<\/ul>\n<\/li>\n\n\n\n<li><strong>con\u00adtribute:<\/strong>&nbsp;His works broke the bound\u00adaries of tra\u00addi\u00adtion\u00adal chil\u00addren\u2019s books and dared to explore\u2026<strong>Death, the mean\u00ading of life<\/strong>Seri\u00adous top\u00adics (such as\u2026)<strong>Who pooped on my head?<\/strong>\u300b\u300a<strong>When a duck meets death<\/strong>\u300b\u300a<strong>I am an itchy bear<\/strong>).<\/li>\n<\/ul>\n\n\n\n<figure class=\"wp-block-image size-full\"><img loading=\"lazy\" decoding=\"async\" width=\"590\" height=\"836\" src=\"https:\/\/ajia.site\/blog\/wp-content\/uploads\/2025\/12\/\u6211\u662f\u4e00\u53ea\u75d2\u75d2\u718a.jpg\" alt class=\"wp-image-5362\" srcset=\"https:\/\/ajia.site\/blog\/wp-content\/uploads\/2025\/12\/\u6211\u662f\u4e00\u53ea\u75d2\u75d2\u718a.jpg 590w, https:\/\/ajia.site\/blog\/wp-content\/uploads\/2025\/12\/\u6211\u662f\u4e00\u53ea\u75d2\u75d2\u718a-212x300.jpg 212w, https:\/\/ajia.site\/blog\/wp-content\/uploads\/2025\/12\/\u6211\u662f\u4e00\u53ea\u75d2\u75d2\u718a-8x12.jpg 8w\" sizes=\"auto, (max-width: 590px) 100vw, 590px\"><\/figure>\n\n\n\n<p>|&nbsp;<strong>Death<\/strong>&nbsp;Wolf Erl\u00adbruch |&nbsp;<a href=\"https:\/\/en.wikipedia.org\/wiki\/Wolf_Erlbruch\">Wolf Erl\u00adbruch (Wikipedia)<\/a>&nbsp;|<\/p>\n\n\n\n<hr class=\"wp-block-separator has-alpha-channel-opacity\">\n\n\n\n<figure class=\"wp-block-image size-full\"><img loading=\"lazy\" decoding=\"async\" width=\"800\" height=\"800\" src=\"https:\/\/ajia.site\/blog\/wp-content\/uploads\/2025\/12\/\u56de\u58f0.jpg\" alt class=\"wp-image-5363\" srcset=\"https:\/\/ajia.site\/blog\/wp-content\/uploads\/2025\/12\/\u56de\u58f0.jpg 800w, https:\/\/ajia.site\/blog\/wp-content\/uploads\/2025\/12\/\u56de\u58f0-300x300.jpg 300w, https:\/\/ajia.site\/blog\/wp-content\/uploads\/2025\/12\/\u56de\u58f0-150x150.jpg 150w, https:\/\/ajia.site\/blog\/wp-content\/uploads\/2025\/12\/\u56de\u58f0-768x768.jpg 768w, https:\/\/ajia.site\/blog\/wp-content\/uploads\/2025\/12\/\u56de\u58f0-12x12.jpg 12w\" sizes=\"auto, (max-width: 800px) 100vw, 800px\"><\/figure>\n\n\n\n<figure class=\"wp-block-image size-full\"><img loading=\"lazy\" decoding=\"async\" width=\"800\" height=\"800\" src=\"https:\/\/ajia.site\/blog\/wp-content\/uploads\/2025\/12\/\u98ce\u4e2d\u7684\u73ab\u7470.jpg\" alt class=\"wp-image-5364\" srcset=\"https:\/\/ajia.site\/blog\/wp-content\/uploads\/2025\/12\/\u98ce\u4e2d\u7684\u73ab\u7470.jpg 800w, https:\/\/ajia.site\/blog\/wp-content\/uploads\/2025\/12\/\u98ce\u4e2d\u7684\u73ab\u7470-300x300.jpg 300w, https:\/\/ajia.site\/blog\/wp-content\/uploads\/2025\/12\/\u98ce\u4e2d\u7684\u73ab\u7470-150x150.jpg 150w, https:\/\/ajia.site\/blog\/wp-content\/uploads\/2025\/12\/\u98ce\u4e2d\u7684\u73ab\u7470-768x768.jpg 768w, https:\/\/ajia.site\/blog\/wp-content\/uploads\/2025\/12\/\u98ce\u4e2d\u7684\u73ab\u7470-12x12.jpg 12w\" sizes=\"auto, (max-width: 800px) 100vw, 800px\"><\/figure>\n\n\n\n<figure class=\"wp-block-image size-large\"><img loading=\"lazy\" decoding=\"async\" width=\"708\" height=\"1024\" src=\"https:\/\/ajia.site\/blog\/wp-content\/uploads\/2025\/12\/\u8ffd\u68a6\u7684\u5b69\u5b50-708x1024.jpg\" alt class=\"wp-image-5365\" srcset=\"https:\/\/ajia.site\/blog\/wp-content\/uploads\/2025\/12\/\u8ffd\u68a6\u7684\u5b69\u5b50-708x1024.jpg 708w, https:\/\/ajia.site\/blog\/wp-content\/uploads\/2025\/12\/\u8ffd\u68a6\u7684\u5b69\u5b50-207x300.jpg 207w, https:\/\/ajia.site\/blog\/wp-content\/uploads\/2025\/12\/\u8ffd\u68a6\u7684\u5b69\u5b50-768x1111.jpg 768w, https:\/\/ajia.site\/blog\/wp-content\/uploads\/2025\/12\/\u8ffd\u68a6\u7684\u5b69\u5b50-1061x1536.jpg 1061w, https:\/\/ajia.site\/blog\/wp-content\/uploads\/2025\/12\/\u8ffd\u68a6\u7684\u5b69\u5b50-8x12.jpg 8w, https:\/\/ajia.site\/blog\/wp-content\/uploads\/2025\/12\/\u8ffd\u68a6\u7684\u5b69\u5b50.jpg 1080w\" sizes=\"auto, (max-width: 708px) 100vw, 708px\"><\/figure>\n\n\n\n<h3 class=\"wp-block-heading\" id=\"-1951\u5e7412\u670811\u65e5--\u51fa\u751f-\u5e15\u59c6\u7a46\u5c3c\u5965\u5179\u745e\u6069\">\ud83c\udf82&nbsp;<strong>Born: December 11, 1951<\/strong>&nbsp;Pam Mu\u00f1oz Ryan<\/h3>\n\n\n\n<p>Amer\u00adi\u00adcan writ\u00aders<strong>Pam Mu\u00f1oz Ryan<\/strong>(Pam Mu\u00f1oz Ryan) was born. She is known for her cre\u00adative work.<strong>A blend of diverse cul\u00adtur\u00adal back\u00adgrounds, his\u00adto\u00adry, and mag\u00adi\u00adcal real\u00adism<\/strong>He is known for his chil\u00addren\u2019s nov\u00adels.<\/p>\n\n\n\n<ul class=\"wp-block-list\">\n<li><strong>Impor\u00adtant works and achieve\u00adments:<\/strong>\n<ul class=\"wp-block-list\">\n<li><strong>New\u00adbery Hon\u00ador:<\/strong>&nbsp;Her work<strong>echo<\/strong>-<em>Echo<\/em>(Pub\u00adlished in 2015) won the award&nbsp;<strong>2016 New\u00adbery Sil\u00adver Medal<\/strong>.<\/li>\n\n\n\n<li><strong>Life\u00adtime Achieve\u00adment:<\/strong>&nbsp;She&nbsp;<strong>2024<\/strong>&nbsp;Award\u00aded<strong>Chil\u00addren\u2019s Lit\u00ader\u00ada\u00adture Lega\u00adcy Award (CLLA)<\/strong>This was to rec\u00adog\u00adnize his sig\u00adnif\u00adi\u00adcant con\u00adtri\u00adbu\u00adtions to Amer\u00adi\u00adcan chil\u00addren\u2019s lit\u00ader\u00ada\u00adture.<\/li>\n\n\n\n<li><strong>Rep\u00adre\u00adsen\u00adta\u00adtive works:<\/strong>&nbsp;\u300a<strong>Chil\u00addren who chase their dreams<\/strong>-<em>The Dream\u00ader<\/em>\u201cNeru\u00adda\u2019s Child\u00adhood\u201d is a well-received fic\u00adtion\u00adal biog\u00adra\u00adphy about the child\u00adhood of Chilean poet Pablo Neru\u00adda.<\/li>\n<\/ul>\n<\/li>\n<\/ul>\n\n\n\n<p>|&nbsp;<strong>born<\/strong>&nbsp;Pam Mu\u00f1oz Ryan |&nbsp;<a href=\"https:\/\/en.wikipedia.org\/wiki\/Pam_Mu%C3%B1oz_Ryan\">Pam Mu\u00f1oz Ryan (Wikipedia)<\/a>&nbsp;|<\/p>\n\n\n\n<hr class=\"wp-block-separator has-alpha-channel-opacity\">\n\n\n\n<figure class=\"wp-block-image size-full\"><img loading=\"lazy\" decoding=\"async\" width=\"286\" height=\"475\" src=\"https:\/\/ajia.site\/blog\/wp-content\/uploads\/2025\/12\/In-geheimer-Mission-durch-die-Wuste-Gobi.jpg\" alt class=\"wp-image-5366\" srcset=\"https:\/\/ajia.site\/blog\/wp-content\/uploads\/2025\/12\/In-geheimer-Mission-durch-die-Wuste-Gobi.jpg 286w, https:\/\/ajia.site\/blog\/wp-content\/uploads\/2025\/12\/In-geheimer-Mission-durch-die-Wuste-Gobi-181x300.jpg 181w, https:\/\/ajia.site\/blog\/wp-content\/uploads\/2025\/12\/In-geheimer-Mission-durch-die-Wuste-Gobi-7x12.jpg 7w\" sizes=\"auto, (max-width: 286px) 100vw, 286px\"><\/figure>\n\n\n\n<h3 class=\"wp-block-heading\" id=\"-1898\u5e7412\u670811\u65e5--\u51fa\u751f-\u5f17\u91cc\u8328\u7a46\u4f26\u7ef4\u79d1\">\ud83c\udf82&nbsp;<strong>December 11, 1898 \u2013 Birth:<\/strong>&nbsp;Fritz Mulenvik<\/h3>\n\n\n\n<p>Ger\u00adman painter and writer<strong>Fritz Mulen\u00advik<\/strong>(Fritz M\u00fch\u00adlen\u00adweg, 1898\u20131961) is born.<\/p>\n\n\n\n<ul class=\"wp-block-list\">\n<li><strong>Impor\u00adtant works and con\u00adtri\u00adbu\u00adtions:<\/strong>\n<ul class=\"wp-block-list\">\n<li>His rep\u00adre\u00adsen\u00adta\u00adtive work is the young adult adven\u00adture nov\u00adel \u201c<strong>A secret mis\u00adsion in the Gobi Desert<\/strong>-<em>In geheimer Mis\u00adsion durch die W\u00fcste Gobi<\/em>Pub\u00adlished in 1950.<\/li>\n<\/ul>\n<\/li>\n\n\n\n<li><strong>Influ\u00adence:<\/strong>&nbsp;This work is based on the author\u2019s<strong>Par\u00adtic\u00adi\u00adpat\u00aded in Sven Hed\u00adin\u2019s Cen\u00adtral Asian expe\u00addi\u00adtion in the 1920s<\/strong>Based on true events, the book tells the sto\u00adry of two boys\u2019 adven\u00adtur\u00adous jour\u00adney through Mon\u00adgo\u00adlia and Chi\u00adna. The book is char\u00adac\u00adter\u00adized by\u2026<strong>Grand nar\u00adra\u00adtive and real\u00adis\u00adtic geo\u00adgraph\u00adi\u00adcal and cul\u00adtur\u00adal descrip\u00adtions<\/strong>It was spe\u00adcial\u00adly rec\u00adom\u00admend\u00aded by \u201c1001 Chil\u00addren\u2019s Books\u201d.<\/li>\n<\/ul>\n\n\n\n<p>|&nbsp;<strong>born<\/strong>&nbsp;Fritz M\u00fch\u00adlen\u00adweg |&nbsp;<a href=\"https:\/\/en.wikipedia.org\/wiki\/Fritz_M%C3%BChlenweg\">Fritz M\u00fch\u00adlen\u00adweg (Wikipedia)<\/a>&nbsp;|<\/p>\n\n\n\n<hr class=\"wp-block-separator has-alpha-channel-opacity\">\n\n\n\n<figure class=\"wp-block-image size-large\"><img loading=\"lazy\" decoding=\"async\" width=\"738\" height=\"1024\" src=\"https:\/\/ajia.site\/blog\/wp-content\/uploads\/2025\/12\/Ivor-the-Engine-old-1-738x1024.jpg\" alt class=\"wp-image-5367\" srcset=\"https:\/\/ajia.site\/blog\/wp-content\/uploads\/2025\/12\/Ivor-the-Engine-old-1-738x1024.jpg 738w, https:\/\/ajia.site\/blog\/wp-content\/uploads\/2025\/12\/Ivor-the-Engine-old-1-216x300.jpg 216w, https:\/\/ajia.site\/blog\/wp-content\/uploads\/2025\/12\/Ivor-the-Engine-old-1-768x1066.jpg 768w, https:\/\/ajia.site\/blog\/wp-content\/uploads\/2025\/12\/Ivor-the-Engine-old-1-1107x1536.jpg 1107w, https:\/\/ajia.site\/blog\/wp-content\/uploads\/2025\/12\/Ivor-the-Engine-old-1-1475x2048.jpg 1475w, https:\/\/ajia.site\/blog\/wp-content\/uploads\/2025\/12\/Ivor-the-Engine-old-1-9x12.jpg 9w, https:\/\/ajia.site\/blog\/wp-content\/uploads\/2025\/12\/Ivor-the-Engine-old-1-scaled.jpg 1844w\" sizes=\"auto, (max-width: 738px) 100vw, 738px\"><\/figure>\n\n\n\n<h3 class=\"wp-block-heading\" id=\"-1928\u5e7412\u670811\u65e5--\u51fa\u751f-\u5f7c\u5f97\u5f17\u5c14\u660e\">\ud83c\udf82&nbsp;<strong>December 11, 1928 \u2013 Birth:<\/strong>&nbsp;Peter Fulmin<\/h3>\n\n\n\n<p>British artist and pup\u00adpeteer<strong>Peter Ful\u00admin<\/strong>Peter Firmin (1928\u20132018) was born.<\/p>\n\n\n\n<ul class=\"wp-block-list\">\n<li><strong>Impor\u00adtant works and con\u00adtri\u00adbu\u00adtions:<\/strong>\n<ul class=\"wp-block-list\">\n<li>He is from a famous chil\u00addren\u2019s tele\u00advi\u00adsion pro\u00adgram pro\u00adduc\u00adtion com\u00adpa\u00adny&nbsp;<strong>Small\u00adfilms<\/strong>&nbsp;One of the co-founders (the oth\u00ader is Oliv\u00ader Post\u00adgate).<\/li>\n\n\n\n<li>He was for<strong>Loco\u00admo\u00adtive Iver: The First Sto\u00adry<\/strong>-<em>Ivor the Engine: The First Sto\u00adry<\/em>He illus\u00adtrat\u00aded clas\u00adsic works such as [list of works], cre\u00adat\u00ading a unique visu\u00adal style. This work is includ\u00aded in \u201c1001 Chil\u00addren\u2019s Books\u201d.<\/li>\n<\/ul>\n<\/li>\n<\/ul>\n\n\n\n<p>|&nbsp;<strong>born<\/strong>&nbsp;| Peter Firmin |&nbsp;<a href=\"https:\/\/en.wikipedia.org\/wiki\/Peter_Firmin\">Peter Firmin (Wikipedia)<\/a>&nbsp;|<\/p>\n\n\n\n<hr class=\"wp-block-separator has-alpha-channel-opacity\">\n\n\n\n<figure class=\"wp-block-image size-large\"><img loading=\"lazy\" decoding=\"async\" width=\"827\" height=\"1024\" src=\"https:\/\/ajia.site\/blog\/wp-content\/uploads\/2025\/12\/Ann-Maj-Kaarina-Gustafson1981-827x1024.jpg\" alt class=\"wp-image-5368\" srcset=\"https:\/\/ajia.site\/blog\/wp-content\/uploads\/2025\/12\/Ann-Maj-Kaarina-Gustafson1981-827x1024.jpg 827w, https:\/\/ajia.site\/blog\/wp-content\/uploads\/2025\/12\/Ann-Maj-Kaarina-Gustafson1981-242x300.jpg 242w, https:\/\/ajia.site\/blog\/wp-content\/uploads\/2025\/12\/Ann-Maj-Kaarina-Gustafson1981-768x951.jpg 768w, https:\/\/ajia.site\/blog\/wp-content\/uploads\/2025\/12\/Ann-Maj-Kaarina-Gustafson1981-10x12.jpg 10w, https:\/\/ajia.site\/blog\/wp-content\/uploads\/2025\/12\/Ann-Maj-Kaarina-Gustafson1981.jpg 1083w\" sizes=\"auto, (max-width: 827px) 100vw, 827px\"><\/figure>\n\n\n\n<h3 class=\"wp-block-heading\" id=\"-1914\u5e7412\u670811\u65e5--\u51fa\u751f-\u739b\u4f9d\u96c5\u5361\u5c14\u739b\">\ud83c\udf82&nbsp;<strong>December 11, 1914 \u2013 Birth:<\/strong>&nbsp;Maya Karma<\/h3>\n\n\n\n<p>Finnish illus\u00adtra\u00adtor and author<strong>Maya Kar\u00adma<\/strong>Mai\u00adja Kar\u00adma (born Ann-Maj Kaa\u00adri\u00adna Gustafson, 1914\u20131999) was born.&nbsp;<strong>Fin\u00adland\u2019s most impor\u00adtant chil\u00addren\u2019s book illus\u00adtra\u00adtor of the 20th cen\u00adtu\u00adry<\/strong>one.<\/p>\n\n\n\n<ul class=\"wp-block-list\">\n<li><strong>Impor\u00adtant works and con\u00adtri\u00adbu\u00adtions:<\/strong>&nbsp;Kar\u00adma\u2019s illus\u00adtra\u00adtion style is based on<strong>Soft, poet\u00adic and del\u00adi\u00adcate ani\u00admal images<\/strong>She is well-known for her works and is loved by chil\u00addren in Fin\u00adland and North\u00adern Europe. She has cre\u00adat\u00aded illus\u00adtra\u00adtions for many chil\u00addren\u2019s books by Finnish authors, and her works often focus on<strong>Small ani\u00admals in nature<\/strong>And warm every\u00adday scenes.<\/li>\n\n\n\n<li><strong>Inter\u00adna\u00adtion\u00adal recog\u00adni\u00adtion:<\/strong>&nbsp;She&nbsp;<strong>Lea Pen\u00adna\u00adnen<\/strong>&nbsp;The book<strong>Lit\u00adtle Hedge\u00adhog<\/strong>-<em>Pikku siili<\/em>) won the&nbsp;<strong>Hon\u00ador\u00adable Men\u00adtion Award, Bratisla\u00adva Inter\u00adna\u00adtion\u00adal Illus\u00adtra\u00adtion Bien\u00adnale (BIB), 1981<\/strong>(Hon\u00adorary Men\u00adtion).<\/li>\n<\/ul>\n\n\n\n<p>|&nbsp;<strong>born<\/strong>&nbsp;Mai\u00adja Kar\u00adma |&nbsp;<a href=\"https:\/\/fi.wikipedia.org\/wiki\/Maija_Karma\">Mai\u00adja Kar\u00adma (Finnish Wikipedia)<\/a>&nbsp;|<\/p>\n\n\n\n<hr class=\"wp-block-separator has-alpha-channel-opacity\">\n\n\n\n<figure class=\"wp-block-image size-large\"><img loading=\"lazy\" decoding=\"async\" width=\"814\" height=\"1024\" src=\"https:\/\/ajia.site\/blog\/wp-content\/uploads\/2025\/12\/\u5feb\u4e50\u738b\u5b50\u63d2\u56fe-814x1024.jpg\" alt class=\"wp-image-5369\" srcset=\"https:\/\/ajia.site\/blog\/wp-content\/uploads\/2025\/12\/\u5feb\u4e50\u738b\u5b50\u63d2\u56fe-814x1024.jpg 814w, https:\/\/ajia.site\/blog\/wp-content\/uploads\/2025\/12\/\u5feb\u4e50\u738b\u5b50\u63d2\u56fe-239x300.jpg 239w, https:\/\/ajia.site\/blog\/wp-content\/uploads\/2025\/12\/\u5feb\u4e50\u738b\u5b50\u63d2\u56fe-768x966.jpg 768w, https:\/\/ajia.site\/blog\/wp-content\/uploads\/2025\/12\/\u5feb\u4e50\u738b\u5b50\u63d2\u56fe-10x12.jpg 10w, https:\/\/ajia.site\/blog\/wp-content\/uploads\/2025\/12\/\u5feb\u4e50\u738b\u5b50\u63d2\u56fe.jpg 816w\" sizes=\"auto, (max-width: 814px) 100vw, 814px\"><\/figure>\n\n\n\n<h3 class=\"wp-block-heading\" id=\"\ufe0f-1929\u5e7412\u670811\u65e5--\u901d\u4e16-\u4e54\u6cbb\u73c0\u897f\u96c5\u514b\u5e03\u80e1\u5fb7\">\u26b0\ufe0f&nbsp;<strong>December 11, 1929 \u2013 Died:<\/strong>&nbsp;George Percy Jacob Hood<\/h3>\n\n\n\n<p>British illus\u00adtra\u00adtor<strong>George Per\u00adcy Jacob Hood<\/strong>George Per\u00adcy Jacomb Hood (1857\u20131929) died.<\/p>\n\n\n\n<ul class=\"wp-block-list\">\n<li><strong>Impor\u00adtant works and con\u00adtri\u00adbu\u00adtions:<\/strong>\n<ul class=\"wp-block-list\">\n<li>He once had with<strong>Wal\u00adter Crane<\/strong>(Wal\u00adter Crane) col\u00adlab\u00ado\u00adra\u00adtion, for<strong>Oscar Wilde<\/strong>The clas\u00adsic col\u00adlec\u00adtion of fairy tales<strong>The Hap\u00adpy Prince<\/strong>-<em>The Hap\u00adpy Prince<\/em>(Illus\u00adtrat\u00aded in the first edi\u00adtion of 1888).<\/li>\n<\/ul>\n<\/li>\n\n\n\n<li><strong>Influ\u00adence:<\/strong>&nbsp;The illus\u00adtra\u00adtions in this work are con\u00adsid\u00adered mas\u00adter\u00adpieces of Vic\u00adto\u00adri\u00adan-era chil\u00addren\u2019s book illus\u00adtra\u00adtion and have been spe\u00adcial\u00adly rec\u00adom\u00admend\u00aded by \u201c1001 Chil\u00addren\u2019s Books\u201d.<\/li>\n<\/ul>\n\n\n\n<p>|&nbsp;<strong>Death<\/strong>&nbsp;| George Per\u00adcy Jacomb Hood |&nbsp;<a href=\"https:\/\/en.wikipedia.org\/wiki\/George_Percy_Jacomb-Hood\">George Per\u00adcy Jacomb-Hood (Wikipedia)<\/a>&nbsp;|<\/p>\n\n\n\n<hr class=\"wp-block-separator has-alpha-channel-opacity\">\n\n\n\n<figure class=\"wp-block-image size-large\"><img loading=\"lazy\" decoding=\"async\" width=\"713\" height=\"1024\" src=\"https:\/\/ajia.site\/blog\/wp-content\/uploads\/2025\/12\/Stribrne-orisky-713x1024.jpg\" alt class=\"wp-image-5370\" srcset=\"https:\/\/ajia.site\/blog\/wp-content\/uploads\/2025\/12\/Stribrne-orisky-713x1024.jpg 713w, https:\/\/ajia.site\/blog\/wp-content\/uploads\/2025\/12\/Stribrne-orisky-209x300.jpg 209w, https:\/\/ajia.site\/blog\/wp-content\/uploads\/2025\/12\/Stribrne-orisky-768x1102.jpg 768w, https:\/\/ajia.site\/blog\/wp-content\/uploads\/2025\/12\/Stribrne-orisky-8x12.jpg 8w, https:\/\/ajia.site\/blog\/wp-content\/uploads\/2025\/12\/Stribrne-orisky.jpg 942w\" sizes=\"auto, (max-width: 713px) 100vw, 713px\"><\/figure>\n\n\n\n<h3 class=\"wp-block-heading\" id=\"-1925\u5e7412\u670811\u65e5--\u51fa\u751f-\u65af\u5766\u5c3c\u65af\u62c9\u592b\u79d1\u5229\u5df4\u5c14\">\ud83c\udf82&nbsp;<strong>December 11, 1925 \u2013 Birth:<\/strong>&nbsp;Stanislav Kolibar<\/h3>\n\n\n\n<p>Czech artist, sculp\u00adtor and illus\u00adtra\u00adtor<strong>Stanislav Kolibar<\/strong>Stanislav Kol\u00edbal was born. He was an impor\u00adtant fig\u00adure in Czech con\u00adcep\u00adtu\u00adal art.<\/p>\n\n\n\n<ul class=\"wp-block-list\">\n<li><strong>Impor\u00adtant works and con\u00adtri\u00adbu\u00adtions:<\/strong>&nbsp;In addi\u00adtion to his achieve\u00adments in sculp\u00adture and archi\u00adtec\u00adture, he has also made sig\u00adnif\u00adi\u00adcant con\u00adtri\u00adbu\u00adtions to chil\u00addren\u2019s book illus\u00adtra\u00adtion.<\/li>\n\n\n\n<li><strong>Inter\u00adna\u00adtion\u00adal Hon\u00adors:<\/strong>&nbsp;He&nbsp;<strong>1989<\/strong>&nbsp;With the work \u201c<strong>Sil\u00adver Nuts: Slo\u00adva\u00adkian folk rhymes, count\u00ading songs, songs, games and fairy tales<\/strong>-<em>St\u0159\u00edbrn\u00e9 o\u0159\u00ed\u0161ky<\/em>) won<strong>Medal Award at the Bratisla\u00adva Inter\u00adna\u00adtion\u00adal Bien\u00adni\u00adal of Illus\u00adtra\u00adtion (BIB)<\/strong>(BIB Plaque).<\/li>\n<\/ul>\n\n\n\n<p>|&nbsp;<strong>born<\/strong>&nbsp;Stanislav Kol\u00edbal |&nbsp;<a href=\"https:\/\/cs.wikipedia.org\/wiki\/Stanislav_Kol%C3%ADbal\">Stanislav Kol\u00edbal (Czech Wikipedia)<\/a>&nbsp;|<\/p>","protected":false},"excerpt":{"rendered":"<p>\u26b0\ufe0f&nbsp;2022\u5e7412\u670811\u65e5 \u2014 \u901d\u4e16\uff1a&nbsp;\u6c83\u5c14\u592b\u00b7\u57c3\u5e03\u9c81\u8d6b \u5fb7\u56fd\u63d2\u753b\u5bb6\u3001\u4f5c\u5bb6\u6c83\u5c14\u592b\u00b7\u57c3\u5e03\u9c81 [&hellip;]<\/p>\n","protected":false},"author":1,"featured_media":5362,"comment_status":"closed","ping_status":"closed","sticky":false,"template":"","format":"standard","meta":{"wp_typography_post_enhancements_disabled":false,"_jetpack_memberships_contains_paid_content":false,"footnotes":""},"categories":[498],"tags":[406,10],"class_list":["post-5359","post","type-post","status-publish","format-standard","has-post-thumbnail","hentry","category-498","tag-406","tag-10"],"jetpack_featured_media_url":"https:\/\/ajia.site\/blog\/wp-content\/uploads\/2025\/12\/\u6211\u662f\u4e00\u53ea\u75d2\u75d2\u718a.jpg","jetpack_sharing_enabled":true,"_links":{"self":[{"href":"https:\/\/ajia.site\/blog\/en\/wp-json\/wp\/v2\/posts\/5359","targetHints":{"allow":["GET"]}}],"collection":[{"href":"https:\/\/ajia.site\/blog\/en\/wp-json\/wp\/v2\/posts"}],"about":[{"href":"https:\/\/ajia.site\/blog\/en\/wp-json\/wp\/v2\/types\/post"}],"author":[{"embeddable":true,"href":"https:\/\/ajia.site\/blog\/en\/wp-json\/wp\/v2\/users\/1"}],"replies":[{"embeddable":true,"href":"https:\/\/ajia.site\/blog\/en\/wp-json\/wp\/v2\/comments?post=5359"}],"version-history":[{"count":1,"href":"https:\/\/ajia.site\/blog\/en\/wp-json\/wp\/v2\/posts\/5359\/revisions"}],"predecessor-version":[{"id":5371,"href":"https:\/\/ajia.site\/blog\/en\/wp-json\/wp\/v2\/posts\/5359\/revisions\/5371"}],"wp:featuredmedia":[{"embeddable":true,"href":"https:\/\/ajia.site\/blog\/en\/wp-json\/wp\/v2\/media\/5362"}],"wp:attachment":[{"href":"https:\/\/ajia.site\/blog\/en\/wp-json\/wp\/v2\/media?parent=5359"}],"wp:term":[{"taxonomy":"category","embeddable":true,"href":"https:\/\/ajia.site\/blog\/en\/wp-json\/wp\/v2\/categories?post=5359"},{"taxonomy":"post_tag","embeddable":true,"href":"https:\/\/ajia.site\/blog\/en\/wp-json\/wp\/v2\/tags?post=5359"}],"curies":[{"name":"wp","href":"https:\/\/api.w.org\/{rel}","templated":true}]}}