{"id":5246,"date":"2025-12-04T05:46:00","date_gmt":"2025-12-03T21:46:00","guid":{"rendered":"https:\/\/ajia.site\/blog\/?p=5246"},"modified":"2025-12-02T21:53:06","modified_gmt":"2025-12-02T13:53:06","slug":"kidsbook_history_1204","status":"publish","type":"post","link":"https:\/\/ajia.site\/blog\/en\/2025\/12\/04\/kidsbook_history_1204\/","title":{"rendered":"Decem\u00adber 4th: Today in the His\u00adto\u00adry of Chil\u00addren\u2019s Books"},"content":{"rendered":"<figure class=\"wp-block-image size-full\"><img loading=\"lazy\" decoding=\"async\" width=\"800\" height=\"800\" src=\"https:\/\/ajia.site\/blog\/wp-content\/uploads\/2025\/12\/\u6d1b\u8d1d\u5c14\u5bd3\u8a00\u96c6.jpg\" alt class=\"wp-image-5247\" srcset=\"https:\/\/ajia.site\/blog\/wp-content\/uploads\/2025\/12\/\u6d1b\u8d1d\u5c14\u5bd3\u8a00\u96c6.jpg 800w, https:\/\/ajia.site\/blog\/wp-content\/uploads\/2025\/12\/\u6d1b\u8d1d\u5c14\u5bd3\u8a00\u96c6-300x300.jpg 300w, https:\/\/ajia.site\/blog\/wp-content\/uploads\/2025\/12\/\u6d1b\u8d1d\u5c14\u5bd3\u8a00\u96c6-150x150.jpg 150w, https:\/\/ajia.site\/blog\/wp-content\/uploads\/2025\/12\/\u6d1b\u8d1d\u5c14\u5bd3\u8a00\u96c6-768x768.jpg 768w, https:\/\/ajia.site\/blog\/wp-content\/uploads\/2025\/12\/\u6d1b\u8d1d\u5c14\u5bd3\u8a00\u96c6-12x12.jpg 12w\" sizes=\"auto, (max-width: 800px) 100vw, 800px\"><\/figure>\n\n\n\n<figure class=\"wp-block-image size-large\"><img loading=\"lazy\" decoding=\"async\" width=\"804\" height=\"1024\" src=\"https:\/\/ajia.site\/blog\/wp-content\/uploads\/2025\/12\/\u732b\u5934\u9e70\u7684\u773c\u6cea\u8336-804x1024.jpg\" alt class=\"wp-image-5248\" srcset=\"https:\/\/ajia.site\/blog\/wp-content\/uploads\/2025\/12\/\u732b\u5934\u9e70\u7684\u773c\u6cea\u8336-804x1024.jpg 804w, https:\/\/ajia.site\/blog\/wp-content\/uploads\/2025\/12\/\u732b\u5934\u9e70\u7684\u773c\u6cea\u8336-235x300.jpg 235w, https:\/\/ajia.site\/blog\/wp-content\/uploads\/2025\/12\/\u732b\u5934\u9e70\u7684\u773c\u6cea\u8336-768x978.jpg 768w, https:\/\/ajia.site\/blog\/wp-content\/uploads\/2025\/12\/\u732b\u5934\u9e70\u7684\u773c\u6cea\u8336-9x12.jpg 9w, https:\/\/ajia.site\/blog\/wp-content\/uploads\/2025\/12\/\u732b\u5934\u9e70\u7684\u773c\u6cea\u8336.jpg 1004w\" sizes=\"auto, (max-width: 804px) 100vw, 804px\"><\/figure>\n\n\n\n<div class=\"wp-block-group is-nowrap is-layout-flex wp-container-core-group-is-layout-6c531013 wp-block-group-is-layout-flex\">\n<figure class=\"wp-block-image size-full\"><img loading=\"lazy\" decoding=\"async\" width=\"288\" height=\"442\" src=\"https:\/\/ajia.site\/blog\/wp-content\/uploads\/2025\/12\/\u9752\u86d9\u548c\u87fe\u870d01.jpg\" alt class=\"wp-image-5249\" srcset=\"https:\/\/ajia.site\/blog\/wp-content\/uploads\/2025\/12\/\u9752\u86d9\u548c\u87fe\u870d01.jpg 288w, https:\/\/ajia.site\/blog\/wp-content\/uploads\/2025\/12\/\u9752\u86d9\u548c\u87fe\u870d01-195x300.jpg 195w, https:\/\/ajia.site\/blog\/wp-content\/uploads\/2025\/12\/\u9752\u86d9\u548c\u87fe\u870d01-8x12.jpg 8w\" sizes=\"auto, (max-width: 288px) 100vw, 288px\"><\/figure>\n\n\n\n<figure class=\"wp-block-image size-full\"><img loading=\"lazy\" decoding=\"async\" width=\"285\" height=\"442\" src=\"https:\/\/ajia.site\/blog\/wp-content\/uploads\/2025\/12\/\u9752\u86d9\u548c\u87fe\u870d02.jpg\" alt class=\"wp-image-5250\" srcset=\"https:\/\/ajia.site\/blog\/wp-content\/uploads\/2025\/12\/\u9752\u86d9\u548c\u87fe\u870d02.jpg 285w, https:\/\/ajia.site\/blog\/wp-content\/uploads\/2025\/12\/\u9752\u86d9\u548c\u87fe\u870d02-193x300.jpg 193w, https:\/\/ajia.site\/blog\/wp-content\/uploads\/2025\/12\/\u9752\u86d9\u548c\u87fe\u870d02-8x12.jpg 8w\" sizes=\"auto, (max-width: 285px) 100vw, 285px\"><\/figure>\n\n\n\n<figure class=\"wp-block-image size-full\"><img loading=\"lazy\" decoding=\"async\" width=\"297\" height=\"442\" src=\"https:\/\/ajia.site\/blog\/wp-content\/uploads\/2025\/12\/\u9752\u86d9\u548c\u87fe\u870d03.jpg\" alt class=\"wp-image-5251\" srcset=\"https:\/\/ajia.site\/blog\/wp-content\/uploads\/2025\/12\/\u9752\u86d9\u548c\u87fe\u870d03.jpg 297w, https:\/\/ajia.site\/blog\/wp-content\/uploads\/2025\/12\/\u9752\u86d9\u548c\u87fe\u870d03-202x300.jpg 202w, https:\/\/ajia.site\/blog\/wp-content\/uploads\/2025\/12\/\u9752\u86d9\u548c\u87fe\u870d03-8x12.jpg 8w\" sizes=\"auto, (max-width: 297px) 100vw, 297px\"><\/figure>\n\n\n\n<figure class=\"wp-block-image size-full\"><img loading=\"lazy\" decoding=\"async\" width=\"290\" height=\"442\" src=\"https:\/\/ajia.site\/blog\/wp-content\/uploads\/2025\/12\/\u9752\u86d9\u548c\u87fe\u870d04.jpg\" alt class=\"wp-image-5252\" srcset=\"https:\/\/ajia.site\/blog\/wp-content\/uploads\/2025\/12\/\u9752\u86d9\u548c\u87fe\u870d04.jpg 290w, https:\/\/ajia.site\/blog\/wp-content\/uploads\/2025\/12\/\u9752\u86d9\u548c\u87fe\u870d04-197x300.jpg 197w, https:\/\/ajia.site\/blog\/wp-content\/uploads\/2025\/12\/\u9752\u86d9\u548c\u87fe\u870d04-8x12.jpg 8w\" sizes=\"auto, (max-width: 290px) 100vw, 290px\"><\/figure>\n<\/div>\n\n\n\n<h3 class=\"wp-block-heading\" id=\"\ufe0f-1987\u5e7412\u67084\u65e5--\u901d\u4e16-\u827e\u8bfa\u6d1b\u8d1d\u5c14\">\u26b0\ufe0f&nbsp;<strong>December 4, 1987 \u2014 Died:<\/strong>&nbsp;Arno Lobel<\/h3>\n\n\n\n<p>Amer\u00adi\u00adcan writer and illus\u00adtra\u00adtor<strong>Arno Lobel<\/strong>(Arnold Lobel, 1933\u20131987) died. He is wide\u00adly rec\u00adog\u00adnized as\u2026<strong>One of the great\u00adest authors and illus\u00adtra\u00adtors of 20th-cen\u00adtu\u00adry Amer\u00adi\u00adcan chil\u00addren\u2019s lit\u00ader\u00ada\u00adture\u2019s first chil\u00addren\u2019s book, *I Can Read*.<\/strong>.<\/p>\n\n\n\n<!--more-->\n\n\n\n<ul class=\"wp-block-list\">\n<li><strong>Impor\u00adtant works and con\u00adtri\u00adbu\u00adtions:<\/strong>\n<ul class=\"wp-block-list\">\n<li>His rep\u00adre\u00adsen\u00adta\u00adtive work is<strong>frogs and toads<\/strong>-<em>Frog and Toad<\/em>(1970\u201379) series. This series explores through sim\u00adple lan\u00adguage and gen\u00adtle humor\u2026<strong>Friend\u00adship, Tol\u00ader\u00adance, and Phi\u00adlos\u00ado\u00adphy in Every\u00adday Life<\/strong>It has become a mod\u00adel for Amer\u00adi\u00adcan pri\u00adma\u00adry read\u00ading series.<\/li>\n<\/ul>\n<\/li>\n\n\n\n<li><strong>Rep\u00adre\u00adsen\u00adta\u00adtive works and hon\u00adors:<\/strong>\n<ul class=\"wp-block-list\">\n<li>His pic\u00adture book<strong>Lobel\u2019s Fables<\/strong>-<em>Fables<\/em>(Pub\u00adlished in 1980) won awards&nbsp;<strong>1981 Calde\u00adcott Medal<\/strong>.<\/li>\n\n\n\n<li>His works<strong>Rat soup<\/strong>-<em>Mouse Soup<\/em>(1977) tells the sto\u00adry of a mouse caught by an owl and how it uses a folk tale to save its life. It is often trans\u00adlat\u00aded into ver\u00adsions such as \u201cOwl\u2019s Tears Tea\u201d.<\/li>\n<\/ul>\n<\/li>\n<\/ul>\n\n\n\n<p>|&nbsp;<strong>Death<\/strong>&nbsp;| Arnold Lobel |&nbsp;<a href=\"https:\/\/en.wikipedia.org\/wiki\/Arnold_Lobel\">Arnold Lobel (Wikipedia)<\/a>&nbsp;|<\/p>\n\n\n\n<hr class=\"wp-block-separator has-alpha-channel-opacity\">\n\n\n\n<figure class=\"wp-block-image size-large\"><img loading=\"lazy\" decoding=\"async\" width=\"814\" height=\"1024\" src=\"https:\/\/ajia.site\/blog\/wp-content\/uploads\/2025\/12\/\u7231\u82b1\u7684\u725b-814x1024.jpg\" alt class=\"wp-image-5253\" srcset=\"https:\/\/ajia.site\/blog\/wp-content\/uploads\/2025\/12\/\u7231\u82b1\u7684\u725b-814x1024.jpg 814w, https:\/\/ajia.site\/blog\/wp-content\/uploads\/2025\/12\/\u7231\u82b1\u7684\u725b-239x300.jpg 239w, https:\/\/ajia.site\/blog\/wp-content\/uploads\/2025\/12\/\u7231\u82b1\u7684\u725b-768x966.jpg 768w, https:\/\/ajia.site\/blog\/wp-content\/uploads\/2025\/12\/\u7231\u82b1\u7684\u725b-10x12.jpg 10w, https:\/\/ajia.site\/blog\/wp-content\/uploads\/2025\/12\/\u7231\u82b1\u7684\u725b.jpg 1080w\" sizes=\"auto, (max-width: 814px) 100vw, 814px\"><\/figure>\n\n\n\n<h3 class=\"wp-block-heading\" id=\"-1905\u5e7412\u67084\u65e5--\u51fa\u751f-\u66fc\u7f57\u91cc\u592b\">\ud83c\udf82&nbsp;<strong>December 4, 1905 \u2013 Birth:<\/strong>&nbsp;Munro Reeve<\/h3>\n\n\n\n<p>Amer\u00adi\u00adcan writer and illus\u00adtra\u00adtor<strong>Munro Reeve<\/strong>(Munro Leaf, 1905\u20131976) was born.<\/p>\n\n\n\n<ul class=\"wp-block-list\">\n<li><strong>Impor\u00adtant works and con\u00adtri\u00adbu\u00adtions:<\/strong>\n<ul class=\"wp-block-list\">\n<li>His most famous work is the pic\u00adture book [\u2026].<strong>Flower-lov\u00ading cow<\/strong>-<em>The Sto\u00adry of Fer\u00addi\u00adnand<\/em>Pub\u00adlished in 1936, illus\u00adtrat\u00aded by Robert Law\u00adson. The sto\u00adry tells of a Span\u00adish bull named Fer\u00addi\u00adnand who dis\u00adlikes bull\u00adfight\u00ading and prefers to sit qui\u00adet\u00adly under a tree and smell the flow\u00aders.<\/li>\n<\/ul>\n<\/li>\n\n\n\n<li><strong>Influ\u00adence:<\/strong>&nbsp;This pic\u00adture book is<strong>On the eve of World War II<\/strong>Pub\u00adlished, because of its impact<strong>Paci\u00adfism, indi\u00advid\u00adu\u00adal\u00adism and non\u00advi\u00ado\u00adlent resis\u00adtance<\/strong>Its gen\u00adtle praise sparked a huge social response and became a clas\u00adsic of pic\u00adture books world\u00adwide, and was includ\u00aded in \u201c1001 Chil\u00addren\u2019s Books\u201d.<\/li>\n<\/ul>\n\n\n\n<p>|&nbsp;<strong>born<\/strong>&nbsp;Munro Leaf |&nbsp;<a href=\"https:\/\/en.wikipedia.org\/wiki\/The_Story_of_Ferdinand\">The Sto\u00adry of Fer\u00addi\u00adnand (Wikipedia)<\/a>&nbsp;|<\/p>\n\n\n\n<hr class=\"wp-block-separator has-alpha-channel-opacity\">\n\n\n\n<figure class=\"wp-block-image size-large\"><img loading=\"lazy\" decoding=\"async\" width=\"718\" height=\"1024\" src=\"https:\/\/ajia.site\/blog\/wp-content\/uploads\/2025\/12\/\u4f8f\u5112\u602a\u53ca\u5176\u4ed6\u683c\u6797\u7ae5\u8bdd-718x1024.jpg\" alt class=\"wp-image-5254\" srcset=\"https:\/\/ajia.site\/blog\/wp-content\/uploads\/2025\/12\/\u4f8f\u5112\u602a\u53ca\u5176\u4ed6\u683c\u6797\u7ae5\u8bdd-718x1024.jpg 718w, https:\/\/ajia.site\/blog\/wp-content\/uploads\/2025\/12\/\u4f8f\u5112\u602a\u53ca\u5176\u4ed6\u683c\u6797\u7ae5\u8bdd-210x300.jpg 210w, https:\/\/ajia.site\/blog\/wp-content\/uploads\/2025\/12\/\u4f8f\u5112\u602a\u53ca\u5176\u4ed6\u683c\u6797\u7ae5\u8bdd-768x1095.jpg 768w, https:\/\/ajia.site\/blog\/wp-content\/uploads\/2025\/12\/\u4f8f\u5112\u602a\u53ca\u5176\u4ed6\u683c\u6797\u7ae5\u8bdd-8x12.jpg 8w, https:\/\/ajia.site\/blog\/wp-content\/uploads\/2025\/12\/\u4f8f\u5112\u602a\u53ca\u5176\u4ed6\u683c\u6797\u7ae5\u8bdd.jpg 928w\" sizes=\"auto, (max-width: 718px) 100vw, 718px\"><\/figure>\n\n\n\n<figure class=\"wp-block-image size-large\"><img loading=\"lazy\" decoding=\"async\" width=\"732\" height=\"1024\" src=\"https:\/\/ajia.site\/blog\/wp-content\/uploads\/2025\/12\/Alenka-v-kraji-divu-a-za-zrcadlem-732x1024.jpg\" alt class=\"wp-image-5255\" srcset=\"https:\/\/ajia.site\/blog\/wp-content\/uploads\/2025\/12\/Alenka-v-kraji-divu-a-za-zrcadlem-732x1024.jpg 732w, https:\/\/ajia.site\/blog\/wp-content\/uploads\/2025\/12\/Alenka-v-kraji-divu-a-za-zrcadlem-214x300.jpg 214w, https:\/\/ajia.site\/blog\/wp-content\/uploads\/2025\/12\/Alenka-v-kraji-divu-a-za-zrcadlem-768x1074.jpg 768w, https:\/\/ajia.site\/blog\/wp-content\/uploads\/2025\/12\/Alenka-v-kraji-divu-a-za-zrcadlem-9x12.jpg 9w, https:\/\/ajia.site\/blog\/wp-content\/uploads\/2025\/12\/Alenka-v-kraji-divu-a-za-zrcadlem.jpg 963w\" sizes=\"auto, (max-width: 732px) 100vw, 732px\"><\/figure>\n\n\n\n<h3 class=\"wp-block-heading\" id=\"-1953\u5e7412\u67084\u65e5--\u51fa\u751f-\u739b\u683c\u4e3d\u7279\u666e\u62c9\u5f7b\u63d0\u5361\">\ud83c\udf82&nbsp;<strong>Born December 4, 1953:<\/strong>&nbsp;Margaret Pratchett<\/h3>\n\n\n\n<p>Czech illus\u00adtra\u00adtor<strong>Mar\u00adgaret Pratch\u00adett<\/strong>(Mark\u00e9\u00adta Prachat\u00adick\u00e1-Kol\u00edbalov\u00e1) was born. She is believed to be\u2026<strong>Czech illus\u00adtra\u00adtion com\u00admu\u00adni\u00adty<\/strong>One of the impor\u00adtant rep\u00adre\u00adsen\u00adta\u00adtives.<\/p>\n\n\n\n<ul class=\"wp-block-list\">\n<li><strong>Impor\u00adtant works and con\u00adtri\u00adbu\u00adtions:<\/strong>&nbsp;Pra\u00adchetika\u2019s illus\u00adtra\u00adtion style is<strong>Del\u00adi\u00adcate lines, unique per\u00adspec\u00adtive, and rich imag\u00adi\u00adna\u00adtion<\/strong>It is known for its clas\u00adsi\u00adcal retelling.<\/li>\n\n\n\n<li><strong>Rep\u00adre\u00adsen\u00adta\u00adtive works and hon\u00adors:<\/strong>\n<ul class=\"wp-block-list\">\n<li>She once did<strong>Grim\u00adm\u2019s Fairy Tales<\/strong>\u300a<strong>Dwarfs and Oth\u00ader Grim\u00adm\u2019s Fairy Tales<\/strong>-<em>Rumpel\u00adstilt\u00adskin and Oth\u00ader Grimm Tales<\/em>Illus\u00adtrat\u00aded by Car\u00adol Ann Duffy in 1999, the book was adapt\u00aded by Car\u00adol Ann Duffy and includ\u00aded in \u201c1001 Chil\u00addren\u2019s Books\u201d.<\/li>\n\n\n\n<li><strong>BIB Medal (Plaque):<\/strong>&nbsp;She relied on her work for \u201c<strong>Alice in the Mir\u00adror<\/strong>The illus\u00adtra\u00adtions cre\u00adat\u00aded by him won an award.&nbsp;<strong>Medal Award at the 1985 Bratisla\u00adva Inter\u00adna\u00adtion\u00adal Bien\u00adni\u00adal of Illus\u00adtra\u00adtions (BIB)<\/strong>.<\/li>\n<\/ul>\n<\/li>\n<\/ul>\n\n\n\n<p>|&nbsp;<strong>born<\/strong>&nbsp;| Mark\u00e9\u00adta Prachat\u00adick\u00e1 |&nbsp;<a href=\"https:\/\/cs.wikipedia.org\/wiki\/Mark%C3%A9ta_Prachatick%C3%A1\">Mark\u00e9\u00adta Prachat\u00adick\u00e1 (Czech Wikipedia)<\/a>&nbsp;|<\/p>\n\n\n\n<hr class=\"wp-block-separator has-alpha-channel-opacity\">\n\n\n\n<figure class=\"wp-block-image size-large\"><img loading=\"lazy\" decoding=\"async\" width=\"712\" height=\"1024\" src=\"https:\/\/ajia.site\/blog\/wp-content\/uploads\/2025\/12\/\u6d0b\u8471\u5934\u5386\u9669\u8bb0\uff08\u610f\u5927\u5229\u7248\uff09-712x1024.jpg\" alt class=\"wp-image-5256\" srcset=\"https:\/\/ajia.site\/blog\/wp-content\/uploads\/2025\/12\/\u6d0b\u8471\u5934\u5386\u9669\u8bb0\uff08\u610f\u5927\u5229\u7248\uff09-712x1024.jpg 712w, https:\/\/ajia.site\/blog\/wp-content\/uploads\/2025\/12\/\u6d0b\u8471\u5934\u5386\u9669\u8bb0\uff08\u610f\u5927\u5229\u7248\uff09-209x300.jpg 209w, https:\/\/ajia.site\/blog\/wp-content\/uploads\/2025\/12\/\u6d0b\u8471\u5934\u5386\u9669\u8bb0\uff08\u610f\u5927\u5229\u7248\uff09-768x1104.jpg 768w, https:\/\/ajia.site\/blog\/wp-content\/uploads\/2025\/12\/\u6d0b\u8471\u5934\u5386\u9669\u8bb0\uff08\u610f\u5927\u5229\u7248\uff09-8x12.jpg 8w, https:\/\/ajia.site\/blog\/wp-content\/uploads\/2025\/12\/\u6d0b\u8471\u5934\u5386\u9669\u8bb0\uff08\u610f\u5927\u5229\u7248\uff09.jpg 923w\" sizes=\"auto, (max-width: 712px) 100vw, 712px\"><\/figure>\n\n\n\n<h3 class=\"wp-block-heading\" id=\"\ufe0f-1981\u5e7412\u67084\u65e5--\u901d\u4e16-\u52b3\u5c14\u6e29\u8482\u5c3c\">\u26b0\ufe0f&nbsp;<strong>December 4, 1981 \u2014 Died:<\/strong>&nbsp;Raul Undine<\/h3>\n\n\n\n<p>Ital\u00adian illus\u00adtra\u00adtor<strong>Raul Undine<\/strong>Raoul Ver\u00addi\u00adni (1899\u20131981) died.<\/p>\n\n\n\n<ul class=\"wp-block-list\">\n<li><strong>Impor\u00adtant works and con\u00adtri\u00adbu\u00adtions:<\/strong>&nbsp;Undine is&nbsp;<strong>The most impor\u00adtant Ital\u00adian chil\u00addren\u2019s book illus\u00adtra\u00adtor of the mid-20th cen\u00adtu\u00adry<\/strong>One of them, espe\u00adcial\u00adly skilled at cre\u00adat\u00ading illus\u00adtra\u00adtions for lit\u00ader\u00adary clas\u00adsics.<\/li>\n\n\n\n<li><strong>Rep\u00adre\u00adsen\u00adta\u00adtive works:<\/strong>&nbsp;He<strong>Gian\u00adni Rodari<\/strong>Gian\u00adni Rodar\u00adi\u2019s famous chil\u00addren\u2019s nov\u00adel<strong>The Adven\u00adtures of Pinoc\u00adchio<\/strong>-<em>Le avven\u00adture di Cipolli\u00adno<\/em>He cre\u00adat\u00aded the illus\u00adtra\u00adtions in 1951. His illus\u00adtra\u00adtion style is vivid and humor\u00adous, per\u00adfect\u00adly inter\u00adpret\u00ading the sto\u00adries of Rodari.<strong>irony and absur\u00addi\u00adty<\/strong>It was includ\u00aded in \u201c1001 Chil\u00addren\u2019s Books\u201d.<\/li>\n<\/ul>\n\n\n\n<p>|&nbsp;<strong>Death<\/strong>&nbsp;Raoul Ver\u00addi\u00adni |&nbsp;<a href=\"https:\/\/it.wikipedia.org\/wiki\/Raoul_Verdini\">Raoul Ver\u00addi\u00adni (Ital\u00adian Wikipedia)<\/a>&nbsp;|<\/p>\n\n\n\n<hr class=\"wp-block-separator has-alpha-channel-opacity\">\n\n\n\n<figure class=\"wp-block-image size-large\"><img loading=\"lazy\" decoding=\"async\" width=\"1024\" height=\"721\" src=\"https:\/\/ajia.site\/blog\/wp-content\/uploads\/2025\/12\/\u673a\u7075\u9b3c\u963f\u5c14\u65b9\u7ef4\u5386\u9669\u8bb0-1024x721.jpg\" alt class=\"wp-image-5257\" srcset=\"https:\/\/ajia.site\/blog\/wp-content\/uploads\/2025\/12\/\u673a\u7075\u9b3c\u963f\u5c14\u65b9\u7ef4\u5386\u9669\u8bb0-1024x721.jpg 1024w, https:\/\/ajia.site\/blog\/wp-content\/uploads\/2025\/12\/\u673a\u7075\u9b3c\u963f\u5c14\u65b9\u7ef4\u5386\u9669\u8bb0-300x211.jpg 300w, https:\/\/ajia.site\/blog\/wp-content\/uploads\/2025\/12\/\u673a\u7075\u9b3c\u963f\u5c14\u65b9\u7ef4\u5386\u9669\u8bb0-768x540.jpg 768w, https:\/\/ajia.site\/blog\/wp-content\/uploads\/2025\/12\/\u673a\u7075\u9b3c\u963f\u5c14\u65b9\u7ef4\u5386\u9669\u8bb0-1536x1081.jpg 1536w, https:\/\/ajia.site\/blog\/wp-content\/uploads\/2025\/12\/\u673a\u7075\u9b3c\u963f\u5c14\u65b9\u7ef4\u5386\u9669\u8bb0-18x12.jpg 18w, https:\/\/ajia.site\/blog\/wp-content\/uploads\/2025\/12\/\u673a\u7075\u9b3c\u963f\u5c14\u65b9\u7ef4\u5386\u9669\u8bb0.jpg 1741w\" sizes=\"auto, (max-width: 1024px) 100vw, 1024px\"><\/figure>\n\n\n\n<h3 class=\"wp-block-heading\" id=\"-1927\u5e7412\u67084\u65e5--\u51fa\u751f-\u62c9\u6cd5\u57c3\u5c14\u6851\u5207\u65af\u8d39\u6d1b\u897f\u5965\">\ud83c\udf82&nbsp;<strong>December 4, 1927 \u2013 Birth:<\/strong>&nbsp;Rafael S\u00e1nchez Felosio<\/h3>\n\n\n\n<p>Span\u00adish writer and lin\u00adguist<strong>Rafael S\u00e1nchez Felo\u00adsio<\/strong>Rafael S\u00e1nchez Fer\u00adlosio (1927\u20132019) was born. He is con\u00adsid\u00adered to be\u2026<strong>Giants of post\u00adwar Span\u00adish lit\u00ader\u00ada\u00adture<\/strong>one.<\/p>\n\n\n\n<ul class=\"wp-block-list\">\n<li><strong>Impor\u00adtant works and con\u00adtri\u00adbu\u00adtions:<\/strong>\n<ul class=\"wp-block-list\">\n<li>His nov\u00adel<strong>The Adven\u00adtures of the Clever Alfon\u00advi<\/strong>-<em>Indus\u00adtrias y andan\u00adzas de Alfan\u00adhu\u00ed<\/em>(Pub\u00adlished in 1951) is hailed as<strong>Pio\u00adneers of Span\u00adish mag\u00adi\u00adcal real\u00adism chil\u00addren\u2019s lit\u00ader\u00ada\u00adture<\/strong>The nov\u00adel tells the sto\u00adry of a young boy named Alfon\u00advi\u2019s extra\u00ador\u00addi\u00adnary adven\u00adtures in the Span\u00adish coun\u00adtry\u00adside.<\/li>\n<\/ul>\n<\/li>\n\n\n\n<li><strong>Influ\u00adence:<\/strong>&nbsp;This work is because of<strong>Poet\u00adic lan\u00adguage, philo\u00adsoph\u00adi\u00adcal alle\u00adgories<\/strong>and pair<strong>Child\u00adhood Imag\u00adi\u00adna\u00adtion<\/strong>It earned respect and became a cross-cul\u00adtur\u00adal clas\u00adsic in Span\u00adish lit\u00ader\u00ada\u00adture, and was includ\u00aded in \u201c1001 Chil\u00addren\u2019s Books\u201d.<\/li>\n<\/ul>\n\n\n\n<p>|&nbsp;<strong>born<\/strong>&nbsp;Rafael S\u00e1nchez Fer\u00adlosio |&nbsp;<a href=\"https:\/\/en.wikipedia.org\/wiki\/Rafael_S%C3%A1nchez_Ferlosio\">Rafael S\u00e1nchez Fer\u00adlosio (Wikipedia)<\/a>&nbsp;|<\/p>","protected":false},"excerpt":{"rendered":"<p>\u26b0\ufe0f&nbsp;1987\u5e7412\u67084\u65e5 \u2014 \u901d\u4e16\uff1a&nbsp;\u827e\u8bfa\u00b7\u6d1b\u8d1d\u5c14 \u7f8e\u56fd\u4f5c\u5bb6\u517c\u63d2\u753b\u5bb6\u827e\u8bfa\u00b7\u6d1b\u8d1d\u5c14\uff08Arn [&hellip;]<\/p>\n","protected":false},"author":1,"featured_media":5251,"comment_status":"closed","ping_status":"closed","sticky":false,"template":"","format":"standard","meta":{"wp_typography_post_enhancements_disabled":false,"_jetpack_memberships_contains_paid_content":false,"footnotes":""},"categories":[498],"tags":[406,10],"class_list":["post-5246","post","type-post","status-publish","format-standard","has-post-thumbnail","hentry","category-498","tag-406","tag-10"],"jetpack_featured_media_url":"https:\/\/ajia.site\/blog\/wp-content\/uploads\/2025\/12\/\u9752\u86d9\u548c\u87fe\u870d03.jpg","jetpack_sharing_enabled":true,"_links":{"self":[{"href":"https:\/\/ajia.site\/blog\/en\/wp-json\/wp\/v2\/posts\/5246","targetHints":{"allow":["GET"]}}],"collection":[{"href":"https:\/\/ajia.site\/blog\/en\/wp-json\/wp\/v2\/posts"}],"about":[{"href":"https:\/\/ajia.site\/blog\/en\/wp-json\/wp\/v2\/types\/post"}],"author":[{"embeddable":true,"href":"https:\/\/ajia.site\/blog\/en\/wp-json\/wp\/v2\/users\/1"}],"replies":[{"embeddable":true,"href":"https:\/\/ajia.site\/blog\/en\/wp-json\/wp\/v2\/comments?post=5246"}],"version-history":[{"count":1,"href":"https:\/\/ajia.site\/blog\/en\/wp-json\/wp\/v2\/posts\/5246\/revisions"}],"predecessor-version":[{"id":5258,"href":"https:\/\/ajia.site\/blog\/en\/wp-json\/wp\/v2\/posts\/5246\/revisions\/5258"}],"wp:featuredmedia":[{"embeddable":true,"href":"https:\/\/ajia.site\/blog\/en\/wp-json\/wp\/v2\/media\/5251"}],"wp:attachment":[{"href":"https:\/\/ajia.site\/blog\/en\/wp-json\/wp\/v2\/media?parent=5246"}],"wp:term":[{"taxonomy":"category","embeddable":true,"href":"https:\/\/ajia.site\/blog\/en\/wp-json\/wp\/v2\/categories?post=5246"},{"taxonomy":"post_tag","embeddable":true,"href":"https:\/\/ajia.site\/blog\/en\/wp-json\/wp\/v2\/tags?post=5246"}],"curies":[{"name":"wp","href":"https:\/\/api.w.org\/{rel}","templated":true}]}}